[{"@context":"https:\/\/schema.org\/","@type":"Article","@id":"https:\/\/www.bux4u.sk\/nebojte-sa-modernych-doplnkov\/#Article","mainEntityOfPage":"https:\/\/www.bux4u.sk\/nebojte-sa-modernych-doplnkov\/","headline":"Nebojte sa modern\u00fdch doplnkov","name":"Nebojte sa modern\u00fdch doplnkov","description":"V\u017edy, ke\u010f som sa pozerala na nie\u010do, na \u010do som nebola zvyknut\u00e1, nevedela som, ako m\u00e1m vlastne reagova\u0165. Nehovor\u00edm o nejak\u00fdch kontroverzn\u00fdch veciach, ktor\u00e9 by y mali \u013eud\u00ed pohor\u0161ova\u0165. Ale u\u017e ke\u010f som bola mal\u00e1, mala som pocit, \u017ee v\u0161etko, \u010do bolo in\u00e9, je zvl\u00e1\u0161tne. T\u00fdkalo sa to aj n\u00e1bytku. Ke\u010f som bola pri niekom [&hellip;]","datePublished":"2017-12-15","dateModified":"2023-04-25","author":{"@type":"Person","@id":"https:\/\/www.bux4u.sk\/author\/#Person","name":"bux4u.sk\n","url":"https:\/\/www.bux4u.sk\/author\/","identifier":1,"image":{"@type":"ImageObject","@id":"https:\/\/secure.gravatar.com\/avatar\/0c97be8873d84c78e7a3da39294dc9e209ea44cdddcf1d79ac5ad761aa3cfc7f?s=96&d=mm&r=g","url":"https:\/\/secure.gravatar.com\/avatar\/0c97be8873d84c78e7a3da39294dc9e209ea44cdddcf1d79ac5ad761aa3cfc7f?s=96&d=mm&r=g","height":96,"width":96}},"publisher":{"@type":"Organization","name":"bux4u.sk","logo":{"@type":"ImageObject","@id":"\/logo.png","url":"\/logo.png","width":600,"height":60}},"image":{"@type":"ImageObject","@id":"https:\/\/www.bux4u.sk\/wp-content\/uploads\/img_a284445_w2011_t1516278005.jpg","url":"https:\/\/www.bux4u.sk\/wp-content\/uploads\/img_a284445_w2011_t1516278005.jpg","height":0,"width":0},"url":"https:\/\/www.bux4u.sk\/nebojte-sa-modernych-doplnkov\/","about":["V\u00fdrobky"],"wordCount":388,"articleBody":"           V\u017edy, ke\u010f som sa pozerala na nie\u010do, na \u010do som nebola zvyknut\u00e1, nevedela som, ako m\u00e1m vlastne reagova\u0165. Nehovor\u00edm o nejak\u00fdch kontroverzn\u00fdch veciach, ktor\u00e9  by y mali \u013eud\u00ed pohor\u0161ova\u0165. Ale u\u017e ke\u010f som bola mal\u00e1, mala som pocit, \u017ee v\u0161etko, \u010do bolo in\u00e9, je zvl\u00e1\u0161tne. T\u00fdkalo sa to aj n\u00e1bytku. Ke\u010f som bola pri niekom na n\u00e1v\u0161teve a mali tam nie\u010do, \u010do som nikde inde nevidela, bola som zasko\u010den\u00e1 a ve\u013emi prekvapen\u00e1. Nakoniec som mala pocit, \u017ee sa modern\u00fdch vec\u00ed a tak\u00fdch, na ktor\u00e9 nie som zvyknut\u00e1, norm\u00e1lne boj\u00edm. Asi je jasn\u00e9, \u017ee som s t\u00fdm musela nejako bojova\u0165. Aj ke\u010f som st\u00e1le mala pocit, \u017ee sa to ku mne nehod\u00ed, vedela som, \u017ee mus\u00edm zvoli\u0165 aspo\u0148 jeden modern\u00fd prvok, ktor\u00fd bude dominova\u0165 v mojom domove. Je zvl\u00e1\u0161tne, \u017ee ke\u010f som s t\u00fdm u\u017e raz za\u010dala, zamilovala som si v\u0161etky modern\u00e9 veci. A za\u010dalo to t\u00fdm, \u017ee som do svojho domu nechala namontova\u0165 nerezov\u00e9 z\u00e1bradlie. \u010clovek by neveril, \u017ee pr\u00e1ve tak\u00e1to drobnos\u0165 vo mne vyvol\u00e1 potrebu modern\u00e9ho a neskuto\u010dn\u00e9ho. Verte tomu, \u017ee sa to d\u00e1. Ke\u010f sa raz \u010dlovek rozhodne, \u017ee bude ma\u0165 modern\u00fd domov, bude sa v \u0148om meni\u0165 \u00faplne v\u0161etko od z\u00e1kladov. A ja som bola na to pripraven\u00e1.Zmenila som v\u0161etko, rozhodla som sa, \u017ee budem ma\u0165 sklenen\u00e9 dvere a aj sklenen\u00e9 steny, sk\u00fasila som ostr\u00e9 hrany a sk\u00fasila som aj minimalizmus a pr\u00e1ve to vo mne vyvolalo perfektn\u00fd pocit. Bola som skuto\u010dne spokojn\u00e1 so v\u0161etk\u00fdm, \u010do vo svojom domove m\u00e1m. Aj ke\u010f moja mamina bola z toho zasko\u010den\u00e1 a nevedela, ako m\u00e1 na to reagova\u0165. Pr\u00e1ve vtedy som pochopila, \u017ee aj ona \u017eije v predstave, \u017ee len v\u0161etko, \u010do je klasick\u00e9, je dobr\u00e9. Mo\u017eno, keby aj ona mala doma len jeden modern\u00fd prvok, mala by \u00faplne in\u00fd n\u00e1zor. Tak\u017ee, ktovie. Mo\u017eno jej sk\u00fasim na narodeniny k\u00fapi\u0165 nie\u010do, \u010do jej n\u00e1zor tot\u00e1lne zmen\u00ed. Zmena je predsa dobr\u00e1 v\u017edy. A bolo by fajn, keby to ocenila aj ona. Uvid\u00edme, \u010do vymysl\u00edm na najbli\u017e\u0161\u00ed sviatok.                                                                                                                                                                                                                                                                                                                                                                                          4.5\/5 - (11 votes)        "},{"@context":"https:\/\/schema.org\/","@type":"BreadcrumbList","itemListElement":[{"@type":"ListItem","position":1,"name":"Nebojte sa modern\u00fdch doplnkov","item":"https:\/\/www.bux4u.sk\/nebojte-sa-modernych-doplnkov\/#breadcrumbitem"}]}]