[{"@context":"https:\/\/schema.org\/","@type":"Article","@id":"https:\/\/www.bux4u.sk\/vlasy-sa-vam-za-ochranu-siltovkou-pred-slnkom-podakuju\/#Article","mainEntityOfPage":"https:\/\/www.bux4u.sk\/vlasy-sa-vam-za-ochranu-siltovkou-pred-slnkom-podakuju\/","headline":"Vlasy sa v\u00e1m za ochranu \u0161iltovkou pred slnkom po\u010fakuj\u00fa","name":"Vlasy sa v\u00e1m za ochranu \u0161iltovkou pred slnkom po\u010fakuj\u00fa","description":"\u017densk\u00e9 pokolenie m\u00e1 starosti o svoj vzh\u013ead u\u017e v sebe zak\u00f3dovan\u00e9, u\u017e ako mal\u00e9 diev\u010datk\u00e1 sa predv\u00e1dzame pred zrkadlom, sk\u00fa\u0161ame mamine \u0161aty a top\u00e1nky, rob\u00edme si kadejak\u00e9 friz\u00fary a na tv\u00e1r nan\u00e1\u0161ame make up, a to sa s nami vle\u010die cel\u00fd \u017eivot. V\u017edy sa sna\u017e\u00edme vyzera\u0165 \u0161ik, kv\u00f4li tomu si vynovujeme \u0161atn\u00edk a sledujeme, \u010do [&hellip;]","datePublished":"2022-04-09","dateModified":"2023-07-10","author":{"@type":"Person","@id":"https:\/\/www.bux4u.sk\/author\/#Person","name":"bux4u.sk\n","url":"https:\/\/www.bux4u.sk\/author\/","identifier":1,"image":{"@type":"ImageObject","@id":"https:\/\/secure.gravatar.com\/avatar\/0c97be8873d84c78e7a3da39294dc9e209ea44cdddcf1d79ac5ad761aa3cfc7f?s=96&d=mm&r=g","url":"https:\/\/secure.gravatar.com\/avatar\/0c97be8873d84c78e7a3da39294dc9e209ea44cdddcf1d79ac5ad761aa3cfc7f?s=96&d=mm&r=g","height":96,"width":96}},"publisher":{"@type":"Organization","name":"bux4u.sk","logo":{"@type":"ImageObject","@id":"\/logo.png","url":"\/logo.png","width":600,"height":60}},"image":{"@type":"ImageObject","@id":"https:\/\/www.bux4u.sk\/wp-content\/uploads\/people-2568604__340_1.jpg","url":"https:\/\/www.bux4u.sk\/wp-content\/uploads\/people-2568604__340_1.jpg","height":0,"width":0},"url":"https:\/\/www.bux4u.sk\/vlasy-sa-vam-za-ochranu-siltovkou-pred-slnkom-podakuju\/","about":["V\u00fdrobky"],"wordCount":445,"articleBody":"   \u017densk\u00e9 pokolenie m\u00e1 starosti o svoj vzh\u013ead u\u017e v sebe zak\u00f3dovan\u00e9, u\u017e ako mal\u00e9 diev\u010datk\u00e1 sa predv\u00e1dzame pred zrkadlom, sk\u00fa\u0161ame mamine \u0161aty a top\u00e1nky, rob\u00edme si kadejak\u00e9 friz\u00fary a na tv\u00e1r nan\u00e1\u0161ame make up, a to sa s nami vle\u010die cel\u00fd \u017eivot. V\u017edy sa sna\u017e\u00edme vyzera\u0165 \u0161ik, kv\u00f4li tomu si vynovujeme \u0161atn\u00edk a sledujeme, \u010do pr\u00e1ve let\u00ed. Klasika v\u0161ak zost\u00e1va a k nej sa prid\u00e1vaj\u00fa novinky.Zostarn\u00fa\u0165 pri jednom \u0161t\u00fdle by asi bola nuda, m\u00e1me predsa to\u013eko mo\u017enost\u00ed ako sa formova\u0165 a meni\u0165, aby sme boli st\u00e1le in\u00e9, ale st\u00e1le my, so svojou osobnos\u0165ou, ktor\u00e1 bude v\u017edy jedine\u010dn\u00e1, nech u\u017e m\u00e1me na sebe \u010doko\u013evek. N\u00e1\u0161 prehnan\u00fd vz\u0165ah k m\u00f3dnym vychyt\u00e1vkam nie je nutn\u00fd, preto\u017ee \u010dastokr\u00e1t sta\u010d\u00ed urobi\u0165 iba drobn\u00e9 zmeny a celkov\u00e1 premena je na svete, napr\u00edklad doplni\u0165 do svojho outfitu \u0161t\u00fdlov\u00fa \u0161iltovku. Patria toti\u017e k trendov\u00fdm doplnkom nielen pre mlad\u0161ie ro\u010dn\u00edky, ale s\u00fa vhodn\u00e9 pre ka\u017ed\u00e9ho, kto ich dok\u00e1\u017ee do v\u00fdzoru zakomponova\u0165 \u0161ikovne a vkusne.Pokr\u00fdvky hlavy sa k n\u00e1m vracaj\u00fa vo vln\u00e1ch m\u00f3dnych trendov, raz s\u00fa to klob\u00faky, inokedy pleten\u00e9 \u010diapky, no \u0161iltovky si svoje miesto dr\u017eia st\u00e1le. Vhodne doplnia street style, mestsk\u00fd \u0161t\u00fdl, ale \u0161ikovne posl\u00fa\u017eia aj pri \u0161portovan\u00ed alebo pri tr\u00e1ven\u00ed vo\u013en\u00e9ho \u010dasu napr\u00edklad v pr\u00edrode, kde s\u00fa d\u00e1mske \u0161iltovky v\u00fdborn\u00fdm ochrancom zraku pred siln\u00fdmi l\u00fa\u010dmi slnka, pred vetrom \u010di jemn\u00fdmi kvapkami da\u017e\u010fa.\u017deny si zakladaj\u00fa na svojom \u00fa\u010dese, no poveternostn\u00e9 podmienky s\u00fa \u010dastokr\u00e1t nepriazniv\u00e9 a siln\u00fd vietor na\u0161e \u00fasilie dok\u00e1\u017ee zni\u010di\u0165. Pr\u00e1ve na tento moment je tu po ruke \u0161iltovka, pod ktor\u00fa si vlasy skryjeme dokonca \u0161t\u00fdlovo, m\u00f4\u017eeme tak urobi\u0165 aj v pr\u00edpade, \u017ee sme si nestihli vy\u010darova\u0165 uk\u00e1\u017ekov\u00fd \u00fa\u010des, pod \u0161iltovkou to nikto nebude rie\u0161i\u0165. Eshopy n\u00e1s zaplavuj\u00fa \u0161t\u00fdlov\u00fdmi a trendov\u00fdmi \u0161iltovkami najrozli\u010dnej\u0161\u00edch farieb, s logami, v\u00fd\u0161ivkami, ozdobami, so zahnut\u00fdm \u0161iltom a ve\u013ea in\u00fdch druhov. Univerz\u00e1lny strih s popruhom na such\u00fd zips umo\u017e\u0148uje nasadi\u0165 ju na hlavu ka\u017edej ve\u013ekosti. D\u00e1mske \u0161iltovky si u\u017e z\u00edskali svoje z\u00e1kazn\u00ed\u010dky, ktor\u00e9 ich na svojich hlav\u00e1ch nosia takmer na ka\u017ed\u00fa pr\u00edle\u017eitos\u0165, kde im to dresscode umo\u017e\u0148uje, preto\u017ee sa v nich c\u00edtia dobre a z\u00e1rove\u0148 tak prezentuj\u00fa svoj \u0161t\u00fdl.                                                                                                                                                                                                                                                                                                                                                                                          4.5\/5 - (10 votes)        "},{"@context":"https:\/\/schema.org\/","@type":"BreadcrumbList","itemListElement":[{"@type":"ListItem","position":1,"name":"Vlasy sa v\u00e1m za ochranu \u0161iltovkou pred slnkom po\u010fakuj\u00fa","item":"https:\/\/www.bux4u.sk\/vlasy-sa-vam-za-ochranu-siltovkou-pred-slnkom-podakuju\/#breadcrumbitem"}]}]